{"id":472,"date":"2019-09-15T08:41:00","date_gmt":"2019-09-15T08:41:00","guid":{"rendered":"https:\/\/fewo-privlaka.de\/?p=472"},"modified":"2020-03-15T08:41:38","modified_gmt":"2020-03-15T08:41:38","slug":"apartment-zadar-fertigstellung-steht-bevor","status":"publish","type":"post","link":"https:\/\/malo-apartments.com\/en\/2019\/09\/15\/apartment-zadar-fertigstellung-steht-bevor\/","title":{"rendered":"Apartment Zadar &#8211; Fertigstellung steht bevor"},"content":{"rendered":"\n<p>Die Fertigstellung unseres neuen Stadt-Apartments inmitten von Zadar  steht kurz bevor. Schon jetzt haben wir einige Bilder und Eindr\u00fccke  sammeln d\u00fcrfen. Noch im September wird die Wohnung an uns     \u00fcbergeben werden, dann beginnt die Einrichtung und somit die letzten  Z\u00fcge.\u00a0 <\/p>\n\n\n\n<p>Vermutlich ab November \/ Dezember 2019 steht die wundersch\u00f6ne  Stadtwohnung dann f\u00fcr St\u00e4dtereisende, Gesch\u00e4ftsreisende oder Urlauber  zur Buchung bereit.<\/p>\n","protected":false},"excerpt":{"rendered":"<p>Die Fertigstellung unseres neuen Stadt-Apartments inmitten von Zadar steht kurz bevor. Schon jetzt haben wir einige Bilder und Eindr\u00fccke sammeln d\u00fcrfen. Noch im September wird die Wohnung an uns \u00fcbergeben werden, dann beginnt die Einrichtung und somit die letzten Z\u00fcge.\u00a0 Vermutlich ab November \/ Dezember 2019 steht die wundersch\u00f6ne Stadtwohnung dann f\u00fcr St\u00e4dtereisende, Gesch\u00e4ftsreisende oder [&hellip;]<\/p>\n","protected":false},"author":1,"featured_media":0,"comment_status":"open","ping_status":"closed","sticky":false,"template":"","format":"standard","meta":{"_monsterinsights_skip_tracking":false,"_monsterinsights_sitenote_active":false,"_monsterinsights_sitenote_note":"","_monsterinsights_sitenote_category":0,"ocean_post_layout":"","ocean_both_sidebars_style":"","ocean_both_sidebars_content_width":0,"ocean_both_sidebars_sidebars_width":0,"ocean_sidebar":"0","ocean_second_sidebar":"0","ocean_disable_margins":"enable","ocean_add_body_class":"","ocean_shortcode_before_top_bar":"","ocean_shortcode_after_top_bar":"","ocean_shortcode_before_header":"","ocean_shortcode_after_header":"","ocean_has_shortcode":"","ocean_shortcode_after_title":"","ocean_shortcode_before_footer_widgets":"","ocean_shortcode_after_footer_widgets":"","ocean_shortcode_before_footer_bottom":"","ocean_shortcode_after_footer_bottom":"","ocean_display_top_bar":"default","ocean_display_header":"default","ocean_header_style":"","ocean_center_header_left_menu":"0","ocean_custom_header_template":"0","ocean_custom_logo":0,"ocean_custom_retina_logo":0,"ocean_custom_logo_max_width":0,"ocean_custom_logo_tablet_max_width":0,"ocean_custom_logo_mobile_max_width":0,"ocean_custom_logo_max_height":0,"ocean_custom_logo_tablet_max_height":0,"ocean_custom_logo_mobile_max_height":0,"ocean_header_custom_menu":"0","ocean_menu_typo_font_family":"0","ocean_menu_typo_font_subset":"","ocean_menu_typo_font_size":0,"ocean_menu_typo_font_size_tablet":0,"ocean_menu_typo_font_size_mobile":0,"ocean_menu_typo_font_size_unit":"px","ocean_menu_typo_font_weight":"","ocean_menu_typo_font_weight_tablet":"","ocean_menu_typo_font_weight_mobile":"","ocean_menu_typo_transform":"","ocean_menu_typo_transform_tablet":"","ocean_menu_typo_transform_mobile":"","ocean_menu_typo_line_height":0,"ocean_menu_typo_line_height_tablet":0,"ocean_menu_typo_line_height_mobile":0,"ocean_menu_typo_line_height_unit":"","ocean_menu_typo_spacing":0,"ocean_menu_typo_spacing_tablet":0,"ocean_menu_typo_spacing_mobile":0,"ocean_menu_typo_spacing_unit":"","ocean_menu_link_color":"","ocean_menu_link_color_hover":"","ocean_menu_link_color_active":"","ocean_menu_link_background":"","ocean_menu_link_hover_background":"","ocean_menu_link_active_background":"","ocean_menu_social_links_bg":"","ocean_menu_social_hover_links_bg":"","ocean_menu_social_links_color":"","ocean_menu_social_hover_links_color":"","ocean_disable_title":"default","ocean_disable_heading":"default","ocean_post_title":"","ocean_post_subheading":"","ocean_post_title_style":"","ocean_post_title_background_color":"","ocean_post_title_background":0,"ocean_post_title_bg_image_position":"","ocean_post_title_bg_image_attachment":"","ocean_post_title_bg_image_repeat":"","ocean_post_title_bg_image_size":"","ocean_post_title_height":0,"ocean_post_title_bg_overlay":0.5,"ocean_post_title_bg_overlay_color":"","ocean_disable_breadcrumbs":"default","ocean_breadcrumbs_color":"","ocean_breadcrumbs_separator_color":"","ocean_breadcrumbs_links_color":"","ocean_breadcrumbs_links_hover_color":"","ocean_display_footer_widgets":"default","ocean_display_footer_bottom":"default","ocean_custom_footer_template":"0","ocean_post_oembed":"","ocean_post_self_hosted_media":"","ocean_post_video_embed":"","ocean_link_format":"","ocean_link_format_target":"self","ocean_quote_format":"","ocean_quote_format_link":"post","ocean_gallery_link_images":"off","ocean_gallery_id":[],"footnotes":""},"categories":[21],"tags":[],"class_list":["post-472","post","type-post","status-publish","format-standard","hentry","category-neuigkeiten-bei-uns","entry"],"translation":{"provider":"WPGlobus","version":"3.0.2","language":"en","enabled_languages":["de","en"],"languages":{"de":{"title":true,"content":true,"excerpt":false},"en":{"title":false,"content":false,"excerpt":false}}},"yoast_head":"<!-- This site is optimized with the Yoast SEO plugin v27.4 - https:\/\/yoast.com\/product\/yoast-seo-wordpress\/ -->\n<title>Apartment Zadar - Fertigstellung steht bevor - MALO Apartments<\/title>\n<meta name=\"robots\" content=\"index, follow, max-snippet:-1, max-image-preview:large, max-video-preview:-1\" \/>\n<link rel=\"canonical\" href=\"https:\/\/malo-apartments.com\/2019\/09\/15\/apartment-zadar-fertigstellung-steht-bevor\/\" \/>\n<meta property=\"og:locale\" content=\"en_US\" \/>\n<meta property=\"og:type\" content=\"article\" \/>\n<meta property=\"og:title\" content=\"Apartment Zadar - Fertigstellung steht bevor - MALO Apartments\" \/>\n<meta property=\"og:url\" content=\"https:\/\/malo-apartments.com\/2019\/09\/15\/apartment-zadar-fertigstellung-steht-bevor\/\" \/>\n<meta property=\"og:site_name\" content=\"MALO Apartments\" \/>\n<meta property=\"article:publisher\" content=\"https:\/\/www.facebook.com\/MALOAPARTMENTS\" \/>\n<meta property=\"article:published_time\" content=\"2019-09-15T08:41:00+00:00\" \/>\n<meta property=\"article:modified_time\" content=\"2020-03-15T08:41:38+00:00\" \/>\n<meta name=\"author\" content=\"Thomas\" \/>\n<meta name=\"twitter:card\" content=\"summary_large_image\" \/>\n<meta name=\"twitter:label1\" content=\"Written by\" \/>\n\t<meta name=\"twitter:data1\" content=\"Thomas\" \/>\n<script type=\"application\/ld+json\" class=\"yoast-schema-graph\">{\"@context\":\"https:\\\/\\\/schema.org\",\"@graph\":[{\"@type\":\"Article\",\"@id\":\"https:\\\/\\\/malo-apartments.com\\\/2019\\\/09\\\/15\\\/apartment-zadar-fertigstellung-steht-bevor\\\/#article\",\"isPartOf\":{\"@id\":\"https:\\\/\\\/malo-apartments.com\\\/2019\\\/09\\\/15\\\/apartment-zadar-fertigstellung-steht-bevor\\\/\"},\"author\":{\"name\":\"Thomas\",\"@id\":\"https:\\\/\\\/malo-apartments.com\\\/#\\\/schema\\\/person\\\/d20b1e38422d78518be01c36fa69e5e9\"},\"headline\":\"Apartment Zadar &#8211; Fertigstellung steht bevor\",\"datePublished\":\"2019-09-15T08:41:00+00:00\",\"dateModified\":\"2020-03-15T08:41:38+00:00\",\"mainEntityOfPage\":{\"@id\":\"https:\\\/\\\/malo-apartments.com\\\/2019\\\/09\\\/15\\\/apartment-zadar-fertigstellung-steht-bevor\\\/\"},\"wordCount\":70,\"commentCount\":0,\"publisher\":{\"@id\":\"https:\\\/\\\/malo-apartments.com\\\/#organization\"},\"articleSection\":[\"Apartment news\"],\"inLanguage\":\"en-US\",\"potentialAction\":[{\"@type\":\"CommentAction\",\"name\":\"Comment\",\"target\":[\"https:\\\/\\\/malo-apartments.com\\\/2019\\\/09\\\/15\\\/apartment-zadar-fertigstellung-steht-bevor\\\/#respond\"]}]},{\"@type\":\"WebPage\",\"@id\":\"https:\\\/\\\/malo-apartments.com\\\/2019\\\/09\\\/15\\\/apartment-zadar-fertigstellung-steht-bevor\\\/\",\"url\":\"https:\\\/\\\/malo-apartments.com\\\/2019\\\/09\\\/15\\\/apartment-zadar-fertigstellung-steht-bevor\\\/\",\"name\":\"Apartment Zadar - Fertigstellung steht bevor - MALO Apartments\",\"isPartOf\":{\"@id\":\"https:\\\/\\\/malo-apartments.com\\\/#website\"},\"datePublished\":\"2019-09-15T08:41:00+00:00\",\"dateModified\":\"2020-03-15T08:41:38+00:00\",\"breadcrumb\":{\"@id\":\"https:\\\/\\\/malo-apartments.com\\\/2019\\\/09\\\/15\\\/apartment-zadar-fertigstellung-steht-bevor\\\/#breadcrumb\"},\"inLanguage\":\"en-US\",\"potentialAction\":[{\"@type\":\"ReadAction\",\"target\":[\"https:\\\/\\\/malo-apartments.com\\\/2019\\\/09\\\/15\\\/apartment-zadar-fertigstellung-steht-bevor\\\/\"]}]},{\"@type\":\"BreadcrumbList\",\"@id\":\"https:\\\/\\\/malo-apartments.com\\\/2019\\\/09\\\/15\\\/apartment-zadar-fertigstellung-steht-bevor\\\/#breadcrumb\",\"itemListElement\":[{\"@type\":\"ListItem\",\"position\":1,\"name\":\"Startseite\",\"item\":\"https:\\\/\\\/malo-apartments.com\\\/\"},{\"@type\":\"ListItem\",\"position\":2,\"name\":\"Apartment Zadar &#8211; Fertigstellung steht bevor\"}]},{\"@type\":\"WebSite\",\"@id\":\"https:\\\/\\\/malo-apartments.com\\\/#website\",\"url\":\"https:\\\/\\\/malo-apartments.com\\\/\",\"name\":\"MALO Apartments\",\"description\":\"Exceptional domiciles in Privlaka and Zadar in the middle of Dalmatia\",\"publisher\":{\"@id\":\"https:\\\/\\\/malo-apartments.com\\\/#organization\"},\"potentialAction\":[{\"@type\":\"SearchAction\",\"target\":{\"@type\":\"EntryPoint\",\"urlTemplate\":\"https:\\\/\\\/malo-apartments.com\\\/?s={search_term_string}\"},\"query-input\":{\"@type\":\"PropertyValueSpecification\",\"valueRequired\":true,\"valueName\":\"search_term_string\"}}],\"inLanguage\":\"en-US\"},{\"@type\":\"Organization\",\"@id\":\"https:\\\/\\\/malo-apartments.com\\\/#organization\",\"name\":\"MALO d.o.o.\",\"url\":\"https:\\\/\\\/malo-apartments.com\\\/\",\"logo\":{\"@type\":\"ImageObject\",\"inLanguage\":\"en-US\",\"@id\":\"https:\\\/\\\/malo-apartments.com\\\/#\\\/schema\\\/logo\\\/image\\\/\",\"url\":\"https:\\\/\\\/malo-apartments.com\\\/wp-content\\\/uploads\\\/2021\\\/07\\\/Malo-logo.png\",\"contentUrl\":\"https:\\\/\\\/malo-apartments.com\\\/wp-content\\\/uploads\\\/2021\\\/07\\\/Malo-logo.png\",\"width\":501,\"height\":182,\"caption\":\"MALO d.o.o.\"},\"image\":{\"@id\":\"https:\\\/\\\/malo-apartments.com\\\/#\\\/schema\\\/logo\\\/image\\\/\"},\"sameAs\":[\"https:\\\/\\\/www.facebook.com\\\/MALOAPARTMENTS\",\"https:\\\/\\\/www.instagram.com\\\/maloapartments\\\/\",\"https:\\\/\\\/www.youtube.com\\\/channel\\\/UCpVP2S_aQfyllJTbeLaoyWg\"]},{\"@type\":\"Person\",\"@id\":\"https:\\\/\\\/malo-apartments.com\\\/#\\\/schema\\\/person\\\/d20b1e38422d78518be01c36fa69e5e9\",\"name\":\"Thomas\",\"image\":{\"@type\":\"ImageObject\",\"inLanguage\":\"en-US\",\"@id\":\"https:\\\/\\\/secure.gravatar.com\\\/avatar\\\/0f9272e07138c5cb2f07de10a011ce9d1a1ac7b21efb8dc301ef94f89adf638c?s=96&d=mm&r=g\",\"url\":\"https:\\\/\\\/secure.gravatar.com\\\/avatar\\\/0f9272e07138c5cb2f07de10a011ce9d1a1ac7b21efb8dc301ef94f89adf638c?s=96&d=mm&r=g\",\"contentUrl\":\"https:\\\/\\\/secure.gravatar.com\\\/avatar\\\/0f9272e07138c5cb2f07de10a011ce9d1a1ac7b21efb8dc301ef94f89adf638c?s=96&d=mm&r=g\",\"caption\":\"Thomas\"},\"sameAs\":[\"http:\\\/\\\/www.malo-apartments.com\"]}]}<\/script>\n<!-- \/ Yoast SEO plugin. -->","yoast_head_json":{"title":"Apartment Zadar - Fertigstellung steht bevor - MALO Apartments","robots":{"index":"index","follow":"follow","max-snippet":"max-snippet:-1","max-image-preview":"max-image-preview:large","max-video-preview":"max-video-preview:-1"},"canonical":"https:\/\/malo-apartments.com\/2019\/09\/15\/apartment-zadar-fertigstellung-steht-bevor\/","og_locale":"en_US","og_type":"article","og_title":"Apartment Zadar - Fertigstellung steht bevor - MALO Apartments","og_url":"https:\/\/malo-apartments.com\/2019\/09\/15\/apartment-zadar-fertigstellung-steht-bevor\/","og_site_name":"MALO Apartments","article_publisher":"https:\/\/www.facebook.com\/MALOAPARTMENTS","article_published_time":"2019-09-15T08:41:00+00:00","article_modified_time":"2020-03-15T08:41:38+00:00","author":"Thomas","twitter_card":"summary_large_image","twitter_misc":{"Written by":"Thomas"},"schema":{"@context":"https:\/\/schema.org","@graph":[{"@type":"Article","@id":"https:\/\/malo-apartments.com\/2019\/09\/15\/apartment-zadar-fertigstellung-steht-bevor\/#article","isPartOf":{"@id":"https:\/\/malo-apartments.com\/2019\/09\/15\/apartment-zadar-fertigstellung-steht-bevor\/"},"author":{"name":"Thomas","@id":"https:\/\/malo-apartments.com\/#\/schema\/person\/d20b1e38422d78518be01c36fa69e5e9"},"headline":"Apartment Zadar &#8211; Fertigstellung steht bevor","datePublished":"2019-09-15T08:41:00+00:00","dateModified":"2020-03-15T08:41:38+00:00","mainEntityOfPage":{"@id":"https:\/\/malo-apartments.com\/2019\/09\/15\/apartment-zadar-fertigstellung-steht-bevor\/"},"wordCount":70,"commentCount":0,"publisher":{"@id":"https:\/\/malo-apartments.com\/#organization"},"articleSection":["Apartment news"],"inLanguage":"en-US","potentialAction":[{"@type":"CommentAction","name":"Comment","target":["https:\/\/malo-apartments.com\/2019\/09\/15\/apartment-zadar-fertigstellung-steht-bevor\/#respond"]}]},{"@type":"WebPage","@id":"https:\/\/malo-apartments.com\/2019\/09\/15\/apartment-zadar-fertigstellung-steht-bevor\/","url":"https:\/\/malo-apartments.com\/2019\/09\/15\/apartment-zadar-fertigstellung-steht-bevor\/","name":"Apartment Zadar - Fertigstellung steht bevor - MALO Apartments","isPartOf":{"@id":"https:\/\/malo-apartments.com\/#website"},"datePublished":"2019-09-15T08:41:00+00:00","dateModified":"2020-03-15T08:41:38+00:00","breadcrumb":{"@id":"https:\/\/malo-apartments.com\/2019\/09\/15\/apartment-zadar-fertigstellung-steht-bevor\/#breadcrumb"},"inLanguage":"en-US","potentialAction":[{"@type":"ReadAction","target":["https:\/\/malo-apartments.com\/2019\/09\/15\/apartment-zadar-fertigstellung-steht-bevor\/"]}]},{"@type":"BreadcrumbList","@id":"https:\/\/malo-apartments.com\/2019\/09\/15\/apartment-zadar-fertigstellung-steht-bevor\/#breadcrumb","itemListElement":[{"@type":"ListItem","position":1,"name":"Startseite","item":"https:\/\/malo-apartments.com\/"},{"@type":"ListItem","position":2,"name":"Apartment Zadar &#8211; Fertigstellung steht bevor"}]},{"@type":"WebSite","@id":"https:\/\/malo-apartments.com\/#website","url":"https:\/\/malo-apartments.com\/","name":"MALO Apartments","description":"Exceptional domiciles in Privlaka and Zadar in the middle of Dalmatia","publisher":{"@id":"https:\/\/malo-apartments.com\/#organization"},"potentialAction":[{"@type":"SearchAction","target":{"@type":"EntryPoint","urlTemplate":"https:\/\/malo-apartments.com\/?s={search_term_string}"},"query-input":{"@type":"PropertyValueSpecification","valueRequired":true,"valueName":"search_term_string"}}],"inLanguage":"en-US"},{"@type":"Organization","@id":"https:\/\/malo-apartments.com\/#organization","name":"MALO d.o.o.","url":"https:\/\/malo-apartments.com\/","logo":{"@type":"ImageObject","inLanguage":"en-US","@id":"https:\/\/malo-apartments.com\/#\/schema\/logo\/image\/","url":"https:\/\/malo-apartments.com\/wp-content\/uploads\/2021\/07\/Malo-logo.png","contentUrl":"https:\/\/malo-apartments.com\/wp-content\/uploads\/2021\/07\/Malo-logo.png","width":501,"height":182,"caption":"MALO d.o.o."},"image":{"@id":"https:\/\/malo-apartments.com\/#\/schema\/logo\/image\/"},"sameAs":["https:\/\/www.facebook.com\/MALOAPARTMENTS","https:\/\/www.instagram.com\/maloapartments\/","https:\/\/www.youtube.com\/channel\/UCpVP2S_aQfyllJTbeLaoyWg"]},{"@type":"Person","@id":"https:\/\/malo-apartments.com\/#\/schema\/person\/d20b1e38422d78518be01c36fa69e5e9","name":"Thomas","image":{"@type":"ImageObject","inLanguage":"en-US","@id":"https:\/\/secure.gravatar.com\/avatar\/0f9272e07138c5cb2f07de10a011ce9d1a1ac7b21efb8dc301ef94f89adf638c?s=96&d=mm&r=g","url":"https:\/\/secure.gravatar.com\/avatar\/0f9272e07138c5cb2f07de10a011ce9d1a1ac7b21efb8dc301ef94f89adf638c?s=96&d=mm&r=g","contentUrl":"https:\/\/secure.gravatar.com\/avatar\/0f9272e07138c5cb2f07de10a011ce9d1a1ac7b21efb8dc301ef94f89adf638c?s=96&d=mm&r=g","caption":"Thomas"},"sameAs":["http:\/\/www.malo-apartments.com"]}]}},"_links":{"self":[{"href":"https:\/\/malo-apartments.com\/en\/wp-json\/wp\/v2\/posts\/472","targetHints":{"allow":["GET"]}}],"collection":[{"href":"https:\/\/malo-apartments.com\/en\/wp-json\/wp\/v2\/posts"}],"about":[{"href":"https:\/\/malo-apartments.com\/en\/wp-json\/wp\/v2\/types\/post"}],"author":[{"embeddable":true,"href":"https:\/\/malo-apartments.com\/en\/wp-json\/wp\/v2\/users\/1"}],"replies":[{"embeddable":true,"href":"https:\/\/malo-apartments.com\/en\/wp-json\/wp\/v2\/comments?post=472"}],"version-history":[{"count":1,"href":"https:\/\/malo-apartments.com\/en\/wp-json\/wp\/v2\/posts\/472\/revisions"}],"predecessor-version":[{"id":473,"href":"https:\/\/malo-apartments.com\/en\/wp-json\/wp\/v2\/posts\/472\/revisions\/473"}],"wp:attachment":[{"href":"https:\/\/malo-apartments.com\/en\/wp-json\/wp\/v2\/media?parent=472"}],"wp:term":[{"taxonomy":"category","embeddable":true,"href":"https:\/\/malo-apartments.com\/en\/wp-json\/wp\/v2\/categories?post=472"},{"taxonomy":"post_tag","embeddable":true,"href":"https:\/\/malo-apartments.com\/en\/wp-json\/wp\/v2\/tags?post=472"}],"curies":[{"name":"wp","href":"https:\/\/api.w.org\/{rel}","templated":true}]}}