{"id":493,"date":"2025-09-18T00:00:00","date_gmt":"2025-09-18T00:00:00","guid":{"rendered":"https:\/\/fewo-privlaka.de\/?p=493"},"modified":"2025-09-18T05:07:09","modified_gmt":"2025-09-18T05:07:09","slug":"mit-dem-flugzeug-nach-kroatien","status":"publish","type":"post","link":"https:\/\/malo-apartments.com\/en\/2025\/09\/18\/mit-dem-flugzeug-nach-kroatien\/","title":{"rendered":"Mit dem Flugzeug nach Kroatien"},"content":{"rendered":"\n<h2 class=\"wp-block-heading\">6 neue Ziele 2025 von und nach Zadar<\/h2>\n\n\n\n<p>Ryanair, Eurowings, Lufthansa und viele mehr haben Zadar als &#8220;Nische&#8221; l\u00e4ngst entdeckt.&nbsp;In der aktuellen Saison 2025 hat Zadar erneut 6 neue Ziele f\u00fcr sich und seine G\u00e4ste gewinnen k\u00f6nnen. Insbesondere der irische Billigflieger Ryanair hat hier gro\u00dfen Anteil. Laut unbest\u00e4tigten Aussagen existieren zwischen den Kommunen in und um Zadar und Ryanair auch entsprechende &#8220;Subventionsvereinbarungen&#8221;. Konkret wirkt sich das auf den Flugpreis insofern aus, dass eine Art &#8220;Kopfgeld&#8221; an Ryanair pro angeliefertem Passagier bezahlt wird. Alle Ziele und Airlines von und nach Zadar sind unter nachfolgendem Link zu finden: <a href=\"https:\/\/www.zadar-airport.hr\/en\/destinations\" target=\"_blank\" rel=\"noreferrer noopener\">https:\/\/www.zadar-airport.hr\/en\/destinations<\/a><\/p>\n\n\n\n<h2 class=\"wp-block-heading\"> Charme der Regionalflugh\u00e4fen<\/h2>\n\n\n\n<p> Memmingen, Karlsruhe und Zadar haben eine gro\u00dfe Gemeinsamkeit, ihre  Gr\u00f6\u00dfe! Im Vergleich zu den gro\u00dfen Verkehrsknoten wie M\u00fcnchen, Frankfurt  oder gar London sind diese Flugh\u00e4fen Miniaturausgaben.     Der Charme dieser Regionalflugh\u00e4fen ist eine schnelle und  unkomplizierte Abfertigung, kurze Wege und dennoch eine meist  variantenreiche internationale Anbindung. Zwischen Mai und Oktober  fliegen     die verschiedenen Fluggesellschaften teilweise bis zu drei Mal pro  Woche das Sonnenziel in Dalmatien an.&nbsp; <\/p>\n\n\n\n<p>Beispiel Memmingen &#8211; Zadar. Durch den kontinuierlichen Ausbau des  &#8220;Allg\u00e4u Airports&#8221; in Memmingen und der strategischen Zusammenarbeit mit  Ryanair hat es dieser &#8220;h\u00f6chst gelegene Flughafen     Deutschlands&#8221; zu einigen interessanten Zielen gebracht. Direkt an  der A96 gelegen ist er von manchen Regionen im Umland M\u00fcnchens deutlich  schneller zu erreichen, als der &#8220;Franz-Josef-Strauss&#8221;     Airport in M\u00fcnchen. Dazu kommen noch die direkten Wege im einzigen  Terminal. Parken, rein, Check-In, ggf. Gep\u00e4ckaufgabe, Boarding, Start  geht in Memmingen schon gut auch mal in einer einzigen     Stunde. Mit den entsprechenden &#8220;Priority&#8221; Buchungen hat man dann  noch die Chance, sein Handgep\u00e4ck mit in die Kabine zu nehmen. Kombiniert  man dies dann auch noch mit einem reservierten Sitzplatz     im hinteren Teil des Fliegers, kann man in Zadar einer der Ersten an  der Passkontrolle sein.&nbsp; <\/p>\n\n\n\n<h2 class=\"wp-block-heading\"> Mietwagen am Flughafen<\/h2>\n\n\n\n<p>Das ist vor allem dann ein gro\u00dfer Vorteil, wenn man einen Mietwagen  reserviert hat. Denn dann ist man dort gleich mal der erste Kunde am  jeweiligen Schalter und kann bereits losfahren, wenn die     anderen Flugg\u00e4ste mit aufgegebenen Gep\u00e4ckst\u00fccken erst aus dem  Flughafengeb\u00e4ude kommen. Selbst habe ich die komplette Prozedur im Jahr  2018 in etwa 120 Minuten geschafft, inkl. Flug.&nbsp; <\/p>\n\n\n\n<p>Die Mietw\u00e4gen k\u00f6nnen zwischenzeitlich auch bei der Flugbuchung  bereits reserviert werden. In der Nebensaison kostet ein Kleinwagen  (meist sehr neu) teilweise unter 10 EUR pro Tag. Das lohnt sich     nat\u00fcrlich vor allem dann, wenn Sie neben einem reinen Strandurlaub  auch das Eine oder Andere Ausflugsziel ansteuern wollen. Bitte denken  Sie dran, dass die meisten Mietwagenfirmen eine Kaution     per Kreditkarte (mind. 1000 EUR) verlangen. Erh\u00f6hen Sie ggf. das  Limit auf ihrer Kreditkarte entsprechend. Bitte betrachten Sie das  Fahrzeug unbedingt genau bei der \u00dcbernahme und notieren mit dem     Mitarbeiter der Mietwagenfirma jede Auff\u00e4lligkeit und die Sch\u00e4den.  Lassen Sie sich diese dann auch unbedingt schriftlich best\u00e4tigen. Bei  der R\u00fcckgabe achten Sie bitte auch darauf, dass Sie ein     unterschriebenes Protokoll erhalten. Bei der R\u00fcckgabe achten Sie  bitte auch darauf, dass Sie das Fahrzeug vollgetankt abstellen. Die  n\u00e4chst gelegene Tankstelle befindet sich in Zadar. <\/p>\n\n\n\n<h2 class=\"wp-block-heading\">Sonstige Transferm\u00f6glichkeiten <\/h2>\n\n\n\n<p>Sofern Sie sich gegen einen Mietwagen entschieden haben und auch  sonst keinen privaten Abholservice vereinbart haben, bleiben noch  gen\u00fcgend weitere Alternativen, um vom Airport Zadar zum Hotel oder zur Ferienwohnung zu kommen.&nbsp; <\/p>\n\n\n\n<p>Die teuerste ist sicherlich das klassische Taxi.&nbsp;Zu unserem Ferienhaus nach&nbsp;Privlaka sind es ca. 30km. Gut verhandelt kommt man hier mit 40 EUR mit dem Taxi hin. Taxis oder private Shuttle Services parken in der Regel direkt vor dem Airport und sind nicht zu verfehlen. Bitte vereinbaren Sie den Preis aber im Vorfeld!<\/p>\n\n\n\n<p>Mit den \u00f6ffentlichen Verkehrsmitteln (Bus) kommen Sie problemlos nach Zadar. Am dortigen Busbahnhof haben Sie dann Anschlussm\u00f6glichkeiten zu st\u00e4dtischen und regionalen Zielen. Auch \u00fcberregional wird der Busbahnhof zwischenzeitlich von etlichen Buslinien (u.a. auch Flixbus) angesteuert.<\/p>\n\n\n\n<p>Im Gegensatz zu vielen europ\u00e4ischen L\u00e4ndern hat Kroatien den Taxi-Markt liberalisiert. Somit sind mit UBER oder BOLT weitere Alternativen f\u00fcr den Flughafentransfer zu nennen. Allerdings richtet sich der Preis sehr stark nach der Nachfrage aus. Daher kann es sein, dass Sie gerade mit Ankunft eines Fliegers einen etwas h\u00f6heren Preis bezahlen m\u00fcssen.<\/p>\n\n\n\n<p><a href=\"https:\/\/www.zadar-airport.hr\/en\/destinations\">https:\/\/www.zadar-airport.hr\/en\/destinations<\/a><\/p>\n\n\n\n<p><\/p>\n","protected":false},"excerpt":{"rendered":"<p>6 neue Ziele 2025 von und nach Zadar Ryanair, Eurowings, Lufthansa und viele mehr haben Zadar als &#8220;Nische&#8221; l\u00e4ngst entdeckt.&nbsp;In der aktuellen Saison 2025 hat Zadar erneut 6 neue Ziele f\u00fcr sich und seine G\u00e4ste gewinnen k\u00f6nnen. Insbesondere der irische Billigflieger Ryanair hat hier gro\u00dfen Anteil. Laut unbest\u00e4tigten Aussagen existieren zwischen den Kommunen in und [&hellip;]<\/p>\n","protected":false},"author":1,"featured_media":0,"comment_status":"open","ping_status":"closed","sticky":false,"template":"","format":"standard","meta":{"_monsterinsights_skip_tracking":false,"_monsterinsights_sitenote_active":false,"_monsterinsights_sitenote_note":"","_monsterinsights_sitenote_category":0,"ocean_post_layout":"","ocean_both_sidebars_style":"","ocean_both_sidebars_content_width":0,"ocean_both_sidebars_sidebars_width":0,"ocean_sidebar":"0","ocean_second_sidebar":"0","ocean_disable_margins":"enable","ocean_add_body_class":"","ocean_shortcode_before_top_bar":"","ocean_shortcode_after_top_bar":"","ocean_shortcode_before_header":"","ocean_shortcode_after_header":"","ocean_has_shortcode":"","ocean_shortcode_after_title":"","ocean_shortcode_before_footer_widgets":"","ocean_shortcode_after_footer_widgets":"","ocean_shortcode_before_footer_bottom":"","ocean_shortcode_after_footer_bottom":"","ocean_display_top_bar":"default","ocean_display_header":"default","ocean_header_style":"","ocean_center_header_left_menu":"0","ocean_custom_header_template":"0","ocean_custom_logo":0,"ocean_custom_retina_logo":0,"ocean_custom_logo_max_width":0,"ocean_custom_logo_tablet_max_width":0,"ocean_custom_logo_mobile_max_width":0,"ocean_custom_logo_max_height":0,"ocean_custom_logo_tablet_max_height":0,"ocean_custom_logo_mobile_max_height":0,"ocean_header_custom_menu":"0","ocean_menu_typo_font_family":"0","ocean_menu_typo_font_subset":"","ocean_menu_typo_font_size":0,"ocean_menu_typo_font_size_tablet":0,"ocean_menu_typo_font_size_mobile":0,"ocean_menu_typo_font_size_unit":"px","ocean_menu_typo_font_weight":"","ocean_menu_typo_font_weight_tablet":"","ocean_menu_typo_font_weight_mobile":"","ocean_menu_typo_transform":"","ocean_menu_typo_transform_tablet":"","ocean_menu_typo_transform_mobile":"","ocean_menu_typo_line_height":0,"ocean_menu_typo_line_height_tablet":0,"ocean_menu_typo_line_height_mobile":0,"ocean_menu_typo_line_height_unit":"","ocean_menu_typo_spacing":0,"ocean_menu_typo_spacing_tablet":0,"ocean_menu_typo_spacing_mobile":0,"ocean_menu_typo_spacing_unit":"","ocean_menu_link_color":"","ocean_menu_link_color_hover":"","ocean_menu_link_color_active":"","ocean_menu_link_background":"","ocean_menu_link_hover_background":"","ocean_menu_link_active_background":"","ocean_menu_social_links_bg":"","ocean_menu_social_hover_links_bg":"","ocean_menu_social_links_color":"","ocean_menu_social_hover_links_color":"","ocean_disable_title":"default","ocean_disable_heading":"default","ocean_post_title":"","ocean_post_subheading":"","ocean_post_title_style":"","ocean_post_title_background_color":"","ocean_post_title_background":0,"ocean_post_title_bg_image_position":"","ocean_post_title_bg_image_attachment":"","ocean_post_title_bg_image_repeat":"","ocean_post_title_bg_image_size":"","ocean_post_title_height":0,"ocean_post_title_bg_overlay":0.5,"ocean_post_title_bg_overlay_color":"","ocean_disable_breadcrumbs":"default","ocean_breadcrumbs_color":"","ocean_breadcrumbs_separator_color":"","ocean_breadcrumbs_links_color":"","ocean_breadcrumbs_links_hover_color":"","ocean_display_footer_widgets":"default","ocean_display_footer_bottom":"default","ocean_custom_footer_template":"0","ocean_post_oembed":"","ocean_post_self_hosted_media":"","ocean_post_video_embed":"","ocean_link_format":"","ocean_link_format_target":"self","ocean_quote_format":"","ocean_quote_format_link":"post","ocean_gallery_link_images":"off","ocean_gallery_id":[],"footnotes":""},"categories":[23],"tags":[],"class_list":["post-493","post","type-post","status-publish","format-standard","hentry","category-tipps-und-tricks","entry"],"translation":{"provider":"WPGlobus","version":"3.0.2","language":"en","enabled_languages":["de","en"],"languages":{"de":{"title":true,"content":true,"excerpt":false},"en":{"title":false,"content":false,"excerpt":false}}},"yoast_head":"<!-- This site is optimized with the Yoast SEO plugin v27.4 - https:\/\/yoast.com\/product\/yoast-seo-wordpress\/ -->\n<title>Mit dem Flugzeug nach Kroatien - MALO Apartments<\/title>\n<meta name=\"robots\" content=\"index, follow, max-snippet:-1, max-image-preview:large, max-video-preview:-1\" \/>\n<link rel=\"canonical\" href=\"https:\/\/malo-apartments.com\/2025\/09\/18\/mit-dem-flugzeug-nach-kroatien\/\" \/>\n<meta property=\"og:locale\" content=\"en_US\" \/>\n<meta property=\"og:type\" content=\"article\" \/>\n<meta property=\"og:title\" content=\"Mit dem Flugzeug nach Kroatien - MALO Apartments\" \/>\n<meta property=\"og:url\" content=\"https:\/\/malo-apartments.com\/2025\/09\/18\/mit-dem-flugzeug-nach-kroatien\/\" \/>\n<meta property=\"og:site_name\" content=\"MALO Apartments\" \/>\n<meta property=\"article:publisher\" content=\"https:\/\/www.facebook.com\/MALOAPARTMENTS\" \/>\n<meta property=\"article:published_time\" content=\"2025-09-18T00:00:00+00:00\" \/>\n<meta property=\"article:modified_time\" content=\"2025-09-18T05:07:09+00:00\" \/>\n<meta name=\"author\" content=\"Thomas\" \/>\n<meta name=\"twitter:card\" content=\"summary_large_image\" \/>\n<meta name=\"twitter:label1\" content=\"Written by\" \/>\n\t<meta name=\"twitter:data1\" content=\"Thomas\" \/>\n\t<meta name=\"twitter:label2\" content=\"Est. reading time\" \/>\n\t<meta name=\"twitter:data2\" content=\"4 minutes\" \/>\n<script type=\"application\/ld+json\" class=\"yoast-schema-graph\">{\"@context\":\"https:\\\/\\\/schema.org\",\"@graph\":[{\"@type\":\"Article\",\"@id\":\"https:\\\/\\\/malo-apartments.com\\\/2025\\\/09\\\/18\\\/mit-dem-flugzeug-nach-kroatien\\\/#article\",\"isPartOf\":{\"@id\":\"https:\\\/\\\/malo-apartments.com\\\/2025\\\/09\\\/18\\\/mit-dem-flugzeug-nach-kroatien\\\/\"},\"author\":{\"name\":\"Thomas\",\"@id\":\"https:\\\/\\\/malo-apartments.com\\\/#\\\/schema\\\/person\\\/d20b1e38422d78518be01c36fa69e5e9\"},\"headline\":\"Mit dem Flugzeug nach Kroatien\",\"datePublished\":\"2025-09-18T00:00:00+00:00\",\"dateModified\":\"2025-09-18T05:07:09+00:00\",\"mainEntityOfPage\":{\"@id\":\"https:\\\/\\\/malo-apartments.com\\\/2025\\\/09\\\/18\\\/mit-dem-flugzeug-nach-kroatien\\\/\"},\"wordCount\":726,\"commentCount\":0,\"publisher\":{\"@id\":\"https:\\\/\\\/malo-apartments.com\\\/#organization\"},\"articleSection\":[\"Tipps und Tricks\"],\"inLanguage\":\"en-US\",\"potentialAction\":[{\"@type\":\"CommentAction\",\"name\":\"Comment\",\"target\":[\"https:\\\/\\\/malo-apartments.com\\\/2025\\\/09\\\/18\\\/mit-dem-flugzeug-nach-kroatien\\\/#respond\"]}]},{\"@type\":\"WebPage\",\"@id\":\"https:\\\/\\\/malo-apartments.com\\\/2025\\\/09\\\/18\\\/mit-dem-flugzeug-nach-kroatien\\\/\",\"url\":\"https:\\\/\\\/malo-apartments.com\\\/2025\\\/09\\\/18\\\/mit-dem-flugzeug-nach-kroatien\\\/\",\"name\":\"Mit dem Flugzeug nach Kroatien - MALO Apartments\",\"isPartOf\":{\"@id\":\"https:\\\/\\\/malo-apartments.com\\\/#website\"},\"datePublished\":\"2025-09-18T00:00:00+00:00\",\"dateModified\":\"2025-09-18T05:07:09+00:00\",\"breadcrumb\":{\"@id\":\"https:\\\/\\\/malo-apartments.com\\\/2025\\\/09\\\/18\\\/mit-dem-flugzeug-nach-kroatien\\\/#breadcrumb\"},\"inLanguage\":\"en-US\",\"potentialAction\":[{\"@type\":\"ReadAction\",\"target\":[\"https:\\\/\\\/malo-apartments.com\\\/2025\\\/09\\\/18\\\/mit-dem-flugzeug-nach-kroatien\\\/\"]}]},{\"@type\":\"BreadcrumbList\",\"@id\":\"https:\\\/\\\/malo-apartments.com\\\/2025\\\/09\\\/18\\\/mit-dem-flugzeug-nach-kroatien\\\/#breadcrumb\",\"itemListElement\":[{\"@type\":\"ListItem\",\"position\":1,\"name\":\"Startseite\",\"item\":\"https:\\\/\\\/malo-apartments.com\\\/\"},{\"@type\":\"ListItem\",\"position\":2,\"name\":\"Mit dem Flugzeug nach Kroatien\"}]},{\"@type\":\"WebSite\",\"@id\":\"https:\\\/\\\/malo-apartments.com\\\/#website\",\"url\":\"https:\\\/\\\/malo-apartments.com\\\/\",\"name\":\"MALO Apartments\",\"description\":\"Exceptional domiciles in Privlaka and Zadar in the middle of Dalmatia\",\"publisher\":{\"@id\":\"https:\\\/\\\/malo-apartments.com\\\/#organization\"},\"potentialAction\":[{\"@type\":\"SearchAction\",\"target\":{\"@type\":\"EntryPoint\",\"urlTemplate\":\"https:\\\/\\\/malo-apartments.com\\\/?s={search_term_string}\"},\"query-input\":{\"@type\":\"PropertyValueSpecification\",\"valueRequired\":true,\"valueName\":\"search_term_string\"}}],\"inLanguage\":\"en-US\"},{\"@type\":\"Organization\",\"@id\":\"https:\\\/\\\/malo-apartments.com\\\/#organization\",\"name\":\"MALO d.o.o.\",\"url\":\"https:\\\/\\\/malo-apartments.com\\\/\",\"logo\":{\"@type\":\"ImageObject\",\"inLanguage\":\"en-US\",\"@id\":\"https:\\\/\\\/malo-apartments.com\\\/#\\\/schema\\\/logo\\\/image\\\/\",\"url\":\"https:\\\/\\\/malo-apartments.com\\\/wp-content\\\/uploads\\\/2021\\\/07\\\/Malo-logo.png\",\"contentUrl\":\"https:\\\/\\\/malo-apartments.com\\\/wp-content\\\/uploads\\\/2021\\\/07\\\/Malo-logo.png\",\"width\":501,\"height\":182,\"caption\":\"MALO d.o.o.\"},\"image\":{\"@id\":\"https:\\\/\\\/malo-apartments.com\\\/#\\\/schema\\\/logo\\\/image\\\/\"},\"sameAs\":[\"https:\\\/\\\/www.facebook.com\\\/MALOAPARTMENTS\",\"https:\\\/\\\/www.instagram.com\\\/maloapartments\\\/\",\"https:\\\/\\\/www.youtube.com\\\/channel\\\/UCpVP2S_aQfyllJTbeLaoyWg\"]},{\"@type\":\"Person\",\"@id\":\"https:\\\/\\\/malo-apartments.com\\\/#\\\/schema\\\/person\\\/d20b1e38422d78518be01c36fa69e5e9\",\"name\":\"Thomas\",\"image\":{\"@type\":\"ImageObject\",\"inLanguage\":\"en-US\",\"@id\":\"https:\\\/\\\/secure.gravatar.com\\\/avatar\\\/0f9272e07138c5cb2f07de10a011ce9d1a1ac7b21efb8dc301ef94f89adf638c?s=96&d=mm&r=g\",\"url\":\"https:\\\/\\\/secure.gravatar.com\\\/avatar\\\/0f9272e07138c5cb2f07de10a011ce9d1a1ac7b21efb8dc301ef94f89adf638c?s=96&d=mm&r=g\",\"contentUrl\":\"https:\\\/\\\/secure.gravatar.com\\\/avatar\\\/0f9272e07138c5cb2f07de10a011ce9d1a1ac7b21efb8dc301ef94f89adf638c?s=96&d=mm&r=g\",\"caption\":\"Thomas\"},\"sameAs\":[\"http:\\\/\\\/www.malo-apartments.com\"]}]}<\/script>\n<!-- \/ Yoast SEO plugin. -->","yoast_head_json":{"title":"Mit dem Flugzeug nach Kroatien - MALO Apartments","robots":{"index":"index","follow":"follow","max-snippet":"max-snippet:-1","max-image-preview":"max-image-preview:large","max-video-preview":"max-video-preview:-1"},"canonical":"https:\/\/malo-apartments.com\/2025\/09\/18\/mit-dem-flugzeug-nach-kroatien\/","og_locale":"en_US","og_type":"article","og_title":"Mit dem Flugzeug nach Kroatien - MALO Apartments","og_url":"https:\/\/malo-apartments.com\/2025\/09\/18\/mit-dem-flugzeug-nach-kroatien\/","og_site_name":"MALO Apartments","article_publisher":"https:\/\/www.facebook.com\/MALOAPARTMENTS","article_published_time":"2025-09-18T00:00:00+00:00","article_modified_time":"2025-09-18T05:07:09+00:00","author":"Thomas","twitter_card":"summary_large_image","twitter_misc":{"Written by":"Thomas","Est. reading time":"4 minutes"},"schema":{"@context":"https:\/\/schema.org","@graph":[{"@type":"Article","@id":"https:\/\/malo-apartments.com\/2025\/09\/18\/mit-dem-flugzeug-nach-kroatien\/#article","isPartOf":{"@id":"https:\/\/malo-apartments.com\/2025\/09\/18\/mit-dem-flugzeug-nach-kroatien\/"},"author":{"name":"Thomas","@id":"https:\/\/malo-apartments.com\/#\/schema\/person\/d20b1e38422d78518be01c36fa69e5e9"},"headline":"Mit dem Flugzeug nach Kroatien","datePublished":"2025-09-18T00:00:00+00:00","dateModified":"2025-09-18T05:07:09+00:00","mainEntityOfPage":{"@id":"https:\/\/malo-apartments.com\/2025\/09\/18\/mit-dem-flugzeug-nach-kroatien\/"},"wordCount":726,"commentCount":0,"publisher":{"@id":"https:\/\/malo-apartments.com\/#organization"},"articleSection":["Tipps und Tricks"],"inLanguage":"en-US","potentialAction":[{"@type":"CommentAction","name":"Comment","target":["https:\/\/malo-apartments.com\/2025\/09\/18\/mit-dem-flugzeug-nach-kroatien\/#respond"]}]},{"@type":"WebPage","@id":"https:\/\/malo-apartments.com\/2025\/09\/18\/mit-dem-flugzeug-nach-kroatien\/","url":"https:\/\/malo-apartments.com\/2025\/09\/18\/mit-dem-flugzeug-nach-kroatien\/","name":"Mit dem Flugzeug nach Kroatien - MALO Apartments","isPartOf":{"@id":"https:\/\/malo-apartments.com\/#website"},"datePublished":"2025-09-18T00:00:00+00:00","dateModified":"2025-09-18T05:07:09+00:00","breadcrumb":{"@id":"https:\/\/malo-apartments.com\/2025\/09\/18\/mit-dem-flugzeug-nach-kroatien\/#breadcrumb"},"inLanguage":"en-US","potentialAction":[{"@type":"ReadAction","target":["https:\/\/malo-apartments.com\/2025\/09\/18\/mit-dem-flugzeug-nach-kroatien\/"]}]},{"@type":"BreadcrumbList","@id":"https:\/\/malo-apartments.com\/2025\/09\/18\/mit-dem-flugzeug-nach-kroatien\/#breadcrumb","itemListElement":[{"@type":"ListItem","position":1,"name":"Startseite","item":"https:\/\/malo-apartments.com\/"},{"@type":"ListItem","position":2,"name":"Mit dem Flugzeug nach Kroatien"}]},{"@type":"WebSite","@id":"https:\/\/malo-apartments.com\/#website","url":"https:\/\/malo-apartments.com\/","name":"MALO Apartments","description":"Exceptional domiciles in Privlaka and Zadar in the middle of Dalmatia","publisher":{"@id":"https:\/\/malo-apartments.com\/#organization"},"potentialAction":[{"@type":"SearchAction","target":{"@type":"EntryPoint","urlTemplate":"https:\/\/malo-apartments.com\/?s={search_term_string}"},"query-input":{"@type":"PropertyValueSpecification","valueRequired":true,"valueName":"search_term_string"}}],"inLanguage":"en-US"},{"@type":"Organization","@id":"https:\/\/malo-apartments.com\/#organization","name":"MALO d.o.o.","url":"https:\/\/malo-apartments.com\/","logo":{"@type":"ImageObject","inLanguage":"en-US","@id":"https:\/\/malo-apartments.com\/#\/schema\/logo\/image\/","url":"https:\/\/malo-apartments.com\/wp-content\/uploads\/2021\/07\/Malo-logo.png","contentUrl":"https:\/\/malo-apartments.com\/wp-content\/uploads\/2021\/07\/Malo-logo.png","width":501,"height":182,"caption":"MALO d.o.o."},"image":{"@id":"https:\/\/malo-apartments.com\/#\/schema\/logo\/image\/"},"sameAs":["https:\/\/www.facebook.com\/MALOAPARTMENTS","https:\/\/www.instagram.com\/maloapartments\/","https:\/\/www.youtube.com\/channel\/UCpVP2S_aQfyllJTbeLaoyWg"]},{"@type":"Person","@id":"https:\/\/malo-apartments.com\/#\/schema\/person\/d20b1e38422d78518be01c36fa69e5e9","name":"Thomas","image":{"@type":"ImageObject","inLanguage":"en-US","@id":"https:\/\/secure.gravatar.com\/avatar\/0f9272e07138c5cb2f07de10a011ce9d1a1ac7b21efb8dc301ef94f89adf638c?s=96&d=mm&r=g","url":"https:\/\/secure.gravatar.com\/avatar\/0f9272e07138c5cb2f07de10a011ce9d1a1ac7b21efb8dc301ef94f89adf638c?s=96&d=mm&r=g","contentUrl":"https:\/\/secure.gravatar.com\/avatar\/0f9272e07138c5cb2f07de10a011ce9d1a1ac7b21efb8dc301ef94f89adf638c?s=96&d=mm&r=g","caption":"Thomas"},"sameAs":["http:\/\/www.malo-apartments.com"]}]}},"_links":{"self":[{"href":"https:\/\/malo-apartments.com\/en\/wp-json\/wp\/v2\/posts\/493","targetHints":{"allow":["GET"]}}],"collection":[{"href":"https:\/\/malo-apartments.com\/en\/wp-json\/wp\/v2\/posts"}],"about":[{"href":"https:\/\/malo-apartments.com\/en\/wp-json\/wp\/v2\/types\/post"}],"author":[{"embeddable":true,"href":"https:\/\/malo-apartments.com\/en\/wp-json\/wp\/v2\/users\/1"}],"replies":[{"embeddable":true,"href":"https:\/\/malo-apartments.com\/en\/wp-json\/wp\/v2\/comments?post=493"}],"version-history":[{"count":4,"href":"https:\/\/malo-apartments.com\/en\/wp-json\/wp\/v2\/posts\/493\/revisions"}],"predecessor-version":[{"id":1184,"href":"https:\/\/malo-apartments.com\/en\/wp-json\/wp\/v2\/posts\/493\/revisions\/1184"}],"wp:attachment":[{"href":"https:\/\/malo-apartments.com\/en\/wp-json\/wp\/v2\/media?parent=493"}],"wp:term":[{"taxonomy":"category","embeddable":true,"href":"https:\/\/malo-apartments.com\/en\/wp-json\/wp\/v2\/categories?post=493"},{"taxonomy":"post_tag","embeddable":true,"href":"https:\/\/malo-apartments.com\/en\/wp-json\/wp\/v2\/tags?post=493"}],"curies":[{"name":"wp","href":"https:\/\/api.w.org\/{rel}","templated":true}]}}