{"id":498,"date":"2019-05-19T08:57:00","date_gmt":"2019-05-19T08:57:00","guid":{"rendered":"https:\/\/fewo-privlaka.de\/?p=498"},"modified":"2020-03-15T09:00:42","modified_gmt":"2020-03-15T09:00:42","slug":"anreise-mit-dem-auto","status":"publish","type":"post","link":"https:\/\/malo-apartments.com\/en\/2019\/05\/19\/anreise-mit-dem-auto\/","title":{"rendered":"Anreise mit dem Auto"},"content":{"rendered":"\n<figure class=\"wp-block-image size-large\"><img fetchpriority=\"high\" decoding=\"async\" width=\"640\" height=\"427\" src=\"https:\/\/fewo-privlaka.de\/wp-content\/uploads\/2020\/03\/1558284946.jpg\" alt=\"\" class=\"wp-image-499\" srcset=\"https:\/\/malo-apartments.com\/wp-content\/uploads\/2020\/03\/1558284946.jpg 640w, https:\/\/malo-apartments.com\/wp-content\/uploads\/2020\/03\/1558284946-300x200.jpg 300w\" sizes=\"(max-width: 640px) 100vw, 640px\" \/><figcaption>Nach Kroatien mit dem Auto<\/figcaption><\/figure>\n\n\n\n<p>Nach Zadar \/ Dalmatien sind es beispielsweise von M\u00fcnchen aus ca.  750km. Je nach Tageszeit und Verkehrsaufkommen schafft man diese Strecke  in 9-10 Stunden mit dem PKW. Dabei spielen viele     Faktoren eine Rolle, unter anderem auch die Vorbereitung und die  Reiseplanung. Wir haben hier die Kosten f\u00fcr einen 14-t\u00e4gigen Aufenthalt  bei der Streckenroute (Deutschland, Salzburg, A10     Tauernautobahn, Karawankentunnel, Slowenien, Zagreb, Zadar) zugrunde  gelegt.\u00a0 <\/p>\n\n\n\n<p><strong>Maut<\/strong>\u00a0 <\/p>\n\n\n\n<p>Au\u00dferhalb Deutschlands sind die Autobahnen und teilweise auch die Tunnels geb\u00fchrenpflichtig (Maut). \u00a0 <\/p>\n\n\n\n<p> Eine sehr gute \u00dcbersicht \u00fcber alle Mautgeb\u00fchren finden Sie beim ADAC auf der Seite\u00a0<a href=\"https:\/\/www.adac.de\/reise-freizeit\/europas-strassen\/maut-vignette\/\">https:\/\/www.adac.de\/reise-freizeit\/europas-strassen\/maut-vignette\/<\/a>.  Grunds\u00e4tzlich empfehlen wir, die Vignetten im Voraus zu beziehen (z.B.  beim ADAC), damit man im jeweiligen <\/p>\n\n\n\n<p>Transitland sicher vor empfindlichen Strafen ist. Die Mautgeb\u00fchren  f\u00fcr einen 14-t\u00e4gigen Aufenthalt in Kroatien (Zadar) betragen aktuell  ca.\u00a0122,20 EUR.\u00a0 <\/p>\n\n\n\n<p><strong>Maut \u00d6sterreich<\/strong> <\/p>\n\n\n\n<p>Gerade wenn Sie h\u00e4ufiger durch \u00d6sterreich fahren, kann hier eine entsprechende &#8220;digitale\u00a0Vignette&#8221; Sinn machen (s.\u00a0<a href=\"https:\/\/www.asfinag.at\/maut-vignette\/vignette\/digitale-vignette\/online-shop\/\">https:\/\/www.asfinag.at\/maut-vignette\/vignette\/digitale-vignette\/online-shop\/<\/a>).\u00a0 <\/p>\n\n\n\n<p> Wenn Sie mehr als nur eine oder zwei Urlaubsfahrten durch \u00d6sterreich  unternehmen, dann lohnt sich ggf. die digitale Jahres-Vignette. Eine  \u00dcbersicht \u00fcber die aktuellen Tarife in \u00d6sterreich finden     Sie <a rel=\"noreferrer noopener\" href=\"https:\/\/shop.asfinag.at\/\" target=\"_blank\">hier<\/a>.  In \u00d6sterreich kommen noch zwei Tunnelgeb\u00fchren dazu, wenn Sie sich f\u00fcr  die A10 (Tauernautobahn) in     der Streckenf\u00fchrung entscheiden. Einmal ist eine Geb\u00fchr am  Karawankentunnel nach Slowenien f\u00e4llig (A11) und einmal bei den  Tauerntunneln direkt auf der A10. Die Mautgeb\u00fchren in \u00d6sterreich     betragen aktuell bei einem Aufenthalt von 14 Tagen (2x 10  Tagesvignetten, 2&#215;2 Tunnelmaut)\u00a0\u00a057,20 EUR.\u00a0 <\/p>\n\n\n\n<p> <strong>Maut Slowenien<\/strong> <\/p>\n\n\n\n<p> Im Gegensatz zu \u00d6sterreich gibt es in Slowenien leider keine  digitalen Vignetten und das &#8220;DarsGo&#8221; Mautsystem lohnt nur bei  intensiver, ganzj\u00e4hriger Autobahn Nutzung in Slowenien. Somit summieren     sich die Mautgeb\u00fchren f\u00fcr einen 14-t\u00e4gigen Aufenthalt in Kroatien in  Slowenien auf 30 EUR.\u00a0 <\/p>\n\n\n\n<p> <strong>Maut Kroatien<\/strong> <\/p>\n\n\n\n<p> Im Gegensatz zu Slowenien und \u00d6sterreich wird in Kroatien die  tats\u00e4chlich zur\u00fcckgelegte Strecke abgerechnet. Mit der Auffahrt auf die  Autobahn erh\u00e4lt man einen Mautschein. Bei der Abfahrt wird     der Schein eingezogen und abgerechnet.\u00a0 <\/p>\n\n\n\n<p> In Kroatien ist eine Registrierung des Fahrzeugs im Videomaut System  (ETC) nur dann lohnenswert, wenn Sie mehrere Reisen nach und von  Kroatien in den kommenden Jahren planen. Das Ger\u00e4t kostet (je     nach Set) zwischen 100 und 120 KN und wird sofort mit Guthaben  ausgeliefert. Das Guthaben kann per Portal, Voucher oder SMS aufgeladen  werden. Vorteil bei der kroatischen ETC Variante ist der     20%ige Rabatt auf die Standardpreise auf den Autobahnen.\u00a0 <\/p>\n\n\n\n<p> In den meisten F\u00e4llen &#8211; auch in unserem 14 Tage Beispiel &#8211; lohnt  sich ETC wohl nicht, daher werden von Zagreb nach Zadar und zur\u00fcck  (inkl. Geb\u00fchr f\u00fcr Stadtautobahn Zagreb) umgerechnet ungef\u00e4hr 35     EUR f\u00e4llig. Bitte beachten Sie, dass Sie bei Nutzung der Autobahn  w\u00e4hrend ihres Urlaubs weitere Autobahngeb\u00fchren aufbringen m\u00fcssen.\u00a0 <\/p>\n\n\n\n<p>  <em>Tipp: Bei der Bezahlung der Maut empfiehlt sich bei der  Mautstation Zagreb (R\u00fcckreise) die &#8220;Credit Card&#8221; Spur, diese ist gerade  bei starkem Reiseverkehr deutlich schneller als die     &#8220;Barzahlung-Terminals&#8221;<\/em>.\u00a0 <\/p>\n\n\n\n<p>  <strong>Tanken<\/strong> <\/p>\n\n\n\n<p> Auf der Reise von Deutschland nach Kroatien werden Sie wohl oder  \u00fcbel auch Ihr Fahrzeug tanken. Es empfiehlt sich aktuell, einen  Tankstopp in Slowenien einzuplanen. Die \u00f6sterreichischen und     deutschen (offiziellen) Autobahntankstellen meiden Sie besser, diese  haben in der Regel deutlich h\u00f6here Spritpreise auf der Anzeigetafel  stehen. In Kroatien selbst ist der Benzin-\/Dieselpreis     ungef\u00e4hr auf dem selben Niveau wie in Deutschland.\u00a0 <\/p>\n\n\n\n<p> <strong>Geschwindigkeiten<\/strong> <\/p>\n\n\n\n<p> Die H\u00f6chstgeschwindigkeit auf den Autobahnen in \u00d6sterreich,  Slowenien und Kroatien betr\u00e4gt grunds\u00e4tzlich 130km\/h. Gerade in  \u00d6sterreich wird die Geschwindigkeit mittels ettlichen station\u00e4ren und     mobilen Messger\u00e4ten \u00fcberwacht und mit empfindlichen Strafen im Falle  der \u00dcberschreitung geahndet. Aber auch meinen &#8220;Lieblingsblitzer&#8221; in  Deutschland m\u00f6chte ich nicht unerw\u00e4hnt lassen. Auf der A8     sind die Bliter oft in den &#8220;Schilderbr\u00fccken&#8221; integriert, meist aktiv  am &#8220;Irschenberg&#8221;, daher Vorsicht auch in Deutschland! Kroatien verf\u00fcgt  aktuell lediglich \u00fcber eine kleine Truppe von     Zivilfahrzeugen, die mit mobilen Video-Geschwindigkeitsmessger\u00e4ten  ausgestattet sind. Vorsicht also beim Blick in den R\u00fcckspiegel,  auff\u00e4llig sind schwarze Audi Limousinen mit Zagreber (ZG)     Kennzeichen.\u00a0 <\/p>\n\n\n\n<p> <strong>Verkehrsdichte<\/strong> <\/p>\n\n\n\n<p>Grunds\u00e4tzlich ist die Verkehrsdichte in den Monaten Juli und August  sehr hoch auf der Reiseroute. Der typische Anreisetag ist Samstag, den  sollten Sie &#8211; wenn irgend m\u00f6glich &#8211; meiden! In den     Sommermonaten kommen Sie hier mit 100%iger Wahrscheinlichkeit in  einen bzw. eher mehrere Staus.\u00a0 <\/p>\n\n\n\n<p>Sollten Sie dennoch am Samstag anreisen wollen oder m\u00fcssen,  empfehlen wir die Anreise \u00fcber Nacht (von Freitag auf Samstag). Gleiches  gilt auch f\u00fcr die R\u00fcckreise.\u00a0 <\/p>\n\n\n\n<p> <strong>Wetter<\/strong> <\/p>\n\n\n\n<p>Eine wichtige Besonderheit in Bezug auf die Reiseplanung ist das  Wetter, insbesondere in Kroatien. Das letzte Teilst\u00fcck der Autobahn  f\u00fchrt durch den Berg &#8220;Sveti Rok&#8221; (im Velebit Massiv). Hier     f\u00fchrt der gleichnamige, 6km lange Tunnel vom Landesinneren auf die  K\u00fcstenseite. Dementsprechend ist die K\u00fcstenseite auf luftiger H\u00f6he und  daher oft (auch im Hochsommer) von Starkwinden betroffen     und daher auch oft gesperrt. Dies bedeutet einen erheblichen Umweg  und Zeitverlust. Allemal ist die Durchfahrt des Sveti Rok Tunnels f\u00fcr  uns immer eine Besonderheit, da gerade bei Tag der Blick     nach der Ausfahrt aus dem Tunnel atemberaubend ist.\u00a0 <\/p>\n","protected":false},"excerpt":{"rendered":"<p>Nach Zadar \/ Dalmatien sind es beispielsweise von M\u00fcnchen aus ca. 750km. Je nach Tageszeit und Verkehrsaufkommen schafft man diese Strecke in 9-10 Stunden mit dem PKW. Dabei spielen viele Faktoren eine Rolle, unter anderem auch die Vorbereitung und die Reiseplanung. Wir haben hier die Kosten f\u00fcr einen 14-t\u00e4gigen Aufenthalt bei der Streckenroute (Deutschland, Salzburg, [&hellip;]<\/p>\n","protected":false},"author":1,"featured_media":0,"comment_status":"open","ping_status":"closed","sticky":false,"template":"","format":"standard","meta":{"_monsterinsights_skip_tracking":false,"_monsterinsights_sitenote_active":false,"_monsterinsights_sitenote_note":"","_monsterinsights_sitenote_category":0,"ocean_post_layout":"","ocean_both_sidebars_style":"","ocean_both_sidebars_content_width":0,"ocean_both_sidebars_sidebars_width":0,"ocean_sidebar":"0","ocean_second_sidebar":"0","ocean_disable_margins":"enable","ocean_add_body_class":"","ocean_shortcode_before_top_bar":"","ocean_shortcode_after_top_bar":"","ocean_shortcode_before_header":"","ocean_shortcode_after_header":"","ocean_has_shortcode":"","ocean_shortcode_after_title":"","ocean_shortcode_before_footer_widgets":"","ocean_shortcode_after_footer_widgets":"","ocean_shortcode_before_footer_bottom":"","ocean_shortcode_after_footer_bottom":"","ocean_display_top_bar":"default","ocean_display_header":"default","ocean_header_style":"","ocean_center_header_left_menu":"0","ocean_custom_header_template":"0","ocean_custom_logo":0,"ocean_custom_retina_logo":0,"ocean_custom_logo_max_width":0,"ocean_custom_logo_tablet_max_width":0,"ocean_custom_logo_mobile_max_width":0,"ocean_custom_logo_max_height":0,"ocean_custom_logo_tablet_max_height":0,"ocean_custom_logo_mobile_max_height":0,"ocean_header_custom_menu":"0","ocean_menu_typo_font_family":"0","ocean_menu_typo_font_subset":"","ocean_menu_typo_font_size":0,"ocean_menu_typo_font_size_tablet":0,"ocean_menu_typo_font_size_mobile":0,"ocean_menu_typo_font_size_unit":"px","ocean_menu_typo_font_weight":"","ocean_menu_typo_font_weight_tablet":"","ocean_menu_typo_font_weight_mobile":"","ocean_menu_typo_transform":"","ocean_menu_typo_transform_tablet":"","ocean_menu_typo_transform_mobile":"","ocean_menu_typo_line_height":0,"ocean_menu_typo_line_height_tablet":0,"ocean_menu_typo_line_height_mobile":0,"ocean_menu_typo_line_height_unit":"","ocean_menu_typo_spacing":0,"ocean_menu_typo_spacing_tablet":0,"ocean_menu_typo_spacing_mobile":0,"ocean_menu_typo_spacing_unit":"","ocean_menu_link_color":"","ocean_menu_link_color_hover":"","ocean_menu_link_color_active":"","ocean_menu_link_background":"","ocean_menu_link_hover_background":"","ocean_menu_link_active_background":"","ocean_menu_social_links_bg":"","ocean_menu_social_hover_links_bg":"","ocean_menu_social_links_color":"","ocean_menu_social_hover_links_color":"","ocean_disable_title":"default","ocean_disable_heading":"default","ocean_post_title":"","ocean_post_subheading":"","ocean_post_title_style":"","ocean_post_title_background_color":"","ocean_post_title_background":0,"ocean_post_title_bg_image_position":"","ocean_post_title_bg_image_attachment":"","ocean_post_title_bg_image_repeat":"","ocean_post_title_bg_image_size":"","ocean_post_title_height":0,"ocean_post_title_bg_overlay":0.5,"ocean_post_title_bg_overlay_color":"","ocean_disable_breadcrumbs":"default","ocean_breadcrumbs_color":"","ocean_breadcrumbs_separator_color":"","ocean_breadcrumbs_links_color":"","ocean_breadcrumbs_links_hover_color":"","ocean_display_footer_widgets":"default","ocean_display_footer_bottom":"default","ocean_custom_footer_template":"0","ocean_post_oembed":"","ocean_post_self_hosted_media":"","ocean_post_video_embed":"","ocean_link_format":"","ocean_link_format_target":"self","ocean_quote_format":"","ocean_quote_format_link":"post","ocean_gallery_link_images":"off","ocean_gallery_id":[],"footnotes":""},"categories":[23],"tags":[],"class_list":["post-498","post","type-post","status-publish","format-standard","hentry","category-tipps-und-tricks","entry"],"translation":{"provider":"WPGlobus","version":"3.0.2","language":"en","enabled_languages":["de","en"],"languages":{"de":{"title":true,"content":true,"excerpt":false},"en":{"title":false,"content":false,"excerpt":false}}},"yoast_head":"<!-- This site is optimized with the Yoast SEO plugin v27.4 - https:\/\/yoast.com\/product\/yoast-seo-wordpress\/ -->\n<title>Anreise mit dem Auto - MALO Apartments<\/title>\n<meta name=\"robots\" content=\"index, follow, max-snippet:-1, max-image-preview:large, max-video-preview:-1\" \/>\n<link rel=\"canonical\" href=\"https:\/\/malo-apartments.com\/en\/2019\/05\/19\/anreise-mit-dem-auto\/\" \/>\n<meta property=\"og:locale\" content=\"en_US\" \/>\n<meta property=\"og:type\" content=\"article\" \/>\n<meta property=\"og:title\" content=\"Anreise mit dem Auto - MALO Apartments\" \/>\n<meta property=\"og:url\" content=\"https:\/\/malo-apartments.com\/en\/2019\/05\/19\/anreise-mit-dem-auto\/\" \/>\n<meta property=\"og:site_name\" content=\"MALO Apartments\" \/>\n<meta property=\"article:publisher\" content=\"https:\/\/www.facebook.com\/MALOAPARTMENTS\" \/>\n<meta property=\"article:published_time\" content=\"2019-05-19T08:57:00+00:00\" \/>\n<meta property=\"article:modified_time\" content=\"2020-03-15T09:00:42+00:00\" \/>\n<meta property=\"og:image\" content=\"https:\/\/fewo-privlaka.de\/wp-content\/uploads\/2020\/03\/1558284946.jpg\" \/>\n<meta name=\"author\" content=\"Thomas\" \/>\n<meta name=\"twitter:card\" content=\"summary_large_image\" \/>\n<meta name=\"twitter:label1\" content=\"Written by\" \/>\n\t<meta name=\"twitter:data1\" content=\"Thomas\" \/>\n\t<meta name=\"twitter:label2\" content=\"Est. reading time\" \/>\n\t<meta name=\"twitter:data2\" content=\"4 minutes\" \/>\n<script type=\"application\/ld+json\" class=\"yoast-schema-graph\">{\"@context\":\"https:\\\/\\\/schema.org\",\"@graph\":[{\"@type\":\"Article\",\"@id\":\"https:\\\/\\\/malo-apartments.com\\\/en\\\/2019\\\/05\\\/19\\\/anreise-mit-dem-auto\\\/#article\",\"isPartOf\":{\"@id\":\"https:\\\/\\\/malo-apartments.com\\\/en\\\/2019\\\/05\\\/19\\\/anreise-mit-dem-auto\\\/\"},\"author\":{\"name\":\"Thomas\",\"@id\":\"https:\\\/\\\/malo-apartments.com\\\/#\\\/schema\\\/person\\\/d20b1e38422d78518be01c36fa69e5e9\"},\"headline\":\"Anreise mit dem Auto\",\"datePublished\":\"2019-05-19T08:57:00+00:00\",\"dateModified\":\"2020-03-15T09:00:42+00:00\",\"mainEntityOfPage\":{\"@id\":\"https:\\\/\\\/malo-apartments.com\\\/en\\\/2019\\\/05\\\/19\\\/anreise-mit-dem-auto\\\/\"},\"wordCount\":861,\"commentCount\":0,\"publisher\":{\"@id\":\"https:\\\/\\\/malo-apartments.com\\\/#organization\"},\"image\":{\"@id\":\"https:\\\/\\\/malo-apartments.com\\\/en\\\/2019\\\/05\\\/19\\\/anreise-mit-dem-auto\\\/#primaryimage\"},\"thumbnailUrl\":\"https:\\\/\\\/fewo-privlaka.de\\\/wp-content\\\/uploads\\\/2020\\\/03\\\/1558284946.jpg\",\"articleSection\":[\"Tipps und Tricks\"],\"inLanguage\":\"en-US\",\"potentialAction\":[{\"@type\":\"CommentAction\",\"name\":\"Comment\",\"target\":[\"https:\\\/\\\/malo-apartments.com\\\/en\\\/2019\\\/05\\\/19\\\/anreise-mit-dem-auto\\\/#respond\"]}]},{\"@type\":\"WebPage\",\"@id\":\"https:\\\/\\\/malo-apartments.com\\\/en\\\/2019\\\/05\\\/19\\\/anreise-mit-dem-auto\\\/\",\"url\":\"https:\\\/\\\/malo-apartments.com\\\/en\\\/2019\\\/05\\\/19\\\/anreise-mit-dem-auto\\\/\",\"name\":\"Anreise mit dem Auto - MALO Apartments\",\"isPartOf\":{\"@id\":\"https:\\\/\\\/malo-apartments.com\\\/#website\"},\"primaryImageOfPage\":{\"@id\":\"https:\\\/\\\/malo-apartments.com\\\/en\\\/2019\\\/05\\\/19\\\/anreise-mit-dem-auto\\\/#primaryimage\"},\"image\":{\"@id\":\"https:\\\/\\\/malo-apartments.com\\\/en\\\/2019\\\/05\\\/19\\\/anreise-mit-dem-auto\\\/#primaryimage\"},\"thumbnailUrl\":\"https:\\\/\\\/fewo-privlaka.de\\\/wp-content\\\/uploads\\\/2020\\\/03\\\/1558284946.jpg\",\"datePublished\":\"2019-05-19T08:57:00+00:00\",\"dateModified\":\"2020-03-15T09:00:42+00:00\",\"breadcrumb\":{\"@id\":\"https:\\\/\\\/malo-apartments.com\\\/en\\\/2019\\\/05\\\/19\\\/anreise-mit-dem-auto\\\/#breadcrumb\"},\"inLanguage\":\"en-US\",\"potentialAction\":[{\"@type\":\"ReadAction\",\"target\":[\"https:\\\/\\\/malo-apartments.com\\\/en\\\/2019\\\/05\\\/19\\\/anreise-mit-dem-auto\\\/\"]}]},{\"@type\":\"ImageObject\",\"inLanguage\":\"en-US\",\"@id\":\"https:\\\/\\\/malo-apartments.com\\\/en\\\/2019\\\/05\\\/19\\\/anreise-mit-dem-auto\\\/#primaryimage\",\"url\":\"https:\\\/\\\/fewo-privlaka.de\\\/wp-content\\\/uploads\\\/2020\\\/03\\\/1558284946.jpg\",\"contentUrl\":\"https:\\\/\\\/fewo-privlaka.de\\\/wp-content\\\/uploads\\\/2020\\\/03\\\/1558284946.jpg\"},{\"@type\":\"BreadcrumbList\",\"@id\":\"https:\\\/\\\/malo-apartments.com\\\/en\\\/2019\\\/05\\\/19\\\/anreise-mit-dem-auto\\\/#breadcrumb\",\"itemListElement\":[{\"@type\":\"ListItem\",\"position\":1,\"name\":\"Startseite\",\"item\":\"https:\\\/\\\/malo-apartments.com\\\/\"},{\"@type\":\"ListItem\",\"position\":2,\"name\":\"Anreise mit dem Auto\"}]},{\"@type\":\"WebSite\",\"@id\":\"https:\\\/\\\/malo-apartments.com\\\/#website\",\"url\":\"https:\\\/\\\/malo-apartments.com\\\/\",\"name\":\"MALO Apartments\",\"description\":\"Exceptional domiciles in Privlaka and Zadar in the middle of Dalmatia\",\"publisher\":{\"@id\":\"https:\\\/\\\/malo-apartments.com\\\/#organization\"},\"potentialAction\":[{\"@type\":\"SearchAction\",\"target\":{\"@type\":\"EntryPoint\",\"urlTemplate\":\"https:\\\/\\\/malo-apartments.com\\\/?s={search_term_string}\"},\"query-input\":{\"@type\":\"PropertyValueSpecification\",\"valueRequired\":true,\"valueName\":\"search_term_string\"}}],\"inLanguage\":\"en-US\"},{\"@type\":\"Organization\",\"@id\":\"https:\\\/\\\/malo-apartments.com\\\/#organization\",\"name\":\"MALO d.o.o.\",\"url\":\"https:\\\/\\\/malo-apartments.com\\\/\",\"logo\":{\"@type\":\"ImageObject\",\"inLanguage\":\"en-US\",\"@id\":\"https:\\\/\\\/malo-apartments.com\\\/#\\\/schema\\\/logo\\\/image\\\/\",\"url\":\"https:\\\/\\\/malo-apartments.com\\\/wp-content\\\/uploads\\\/2021\\\/07\\\/Malo-logo.png\",\"contentUrl\":\"https:\\\/\\\/malo-apartments.com\\\/wp-content\\\/uploads\\\/2021\\\/07\\\/Malo-logo.png\",\"width\":501,\"height\":182,\"caption\":\"MALO d.o.o.\"},\"image\":{\"@id\":\"https:\\\/\\\/malo-apartments.com\\\/#\\\/schema\\\/logo\\\/image\\\/\"},\"sameAs\":[\"https:\\\/\\\/www.facebook.com\\\/MALOAPARTMENTS\",\"https:\\\/\\\/www.instagram.com\\\/maloapartments\\\/\",\"https:\\\/\\\/www.youtube.com\\\/channel\\\/UCpVP2S_aQfyllJTbeLaoyWg\"]},{\"@type\":\"Person\",\"@id\":\"https:\\\/\\\/malo-apartments.com\\\/#\\\/schema\\\/person\\\/d20b1e38422d78518be01c36fa69e5e9\",\"name\":\"Thomas\",\"image\":{\"@type\":\"ImageObject\",\"inLanguage\":\"en-US\",\"@id\":\"https:\\\/\\\/secure.gravatar.com\\\/avatar\\\/0f9272e07138c5cb2f07de10a011ce9d1a1ac7b21efb8dc301ef94f89adf638c?s=96&d=mm&r=g\",\"url\":\"https:\\\/\\\/secure.gravatar.com\\\/avatar\\\/0f9272e07138c5cb2f07de10a011ce9d1a1ac7b21efb8dc301ef94f89adf638c?s=96&d=mm&r=g\",\"contentUrl\":\"https:\\\/\\\/secure.gravatar.com\\\/avatar\\\/0f9272e07138c5cb2f07de10a011ce9d1a1ac7b21efb8dc301ef94f89adf638c?s=96&d=mm&r=g\",\"caption\":\"Thomas\"},\"sameAs\":[\"http:\\\/\\\/www.malo-apartments.com\"]}]}<\/script>\n<!-- \/ Yoast SEO plugin. -->","yoast_head_json":{"title":"Anreise mit dem Auto - MALO Apartments","robots":{"index":"index","follow":"follow","max-snippet":"max-snippet:-1","max-image-preview":"max-image-preview:large","max-video-preview":"max-video-preview:-1"},"canonical":"https:\/\/malo-apartments.com\/en\/2019\/05\/19\/anreise-mit-dem-auto\/","og_locale":"en_US","og_type":"article","og_title":"Anreise mit dem Auto - MALO Apartments","og_url":"https:\/\/malo-apartments.com\/en\/2019\/05\/19\/anreise-mit-dem-auto\/","og_site_name":"MALO Apartments","article_publisher":"https:\/\/www.facebook.com\/MALOAPARTMENTS","article_published_time":"2019-05-19T08:57:00+00:00","article_modified_time":"2020-03-15T09:00:42+00:00","og_image":[{"url":"https:\/\/fewo-privlaka.de\/wp-content\/uploads\/2020\/03\/1558284946.jpg","type":"","width":"","height":""}],"author":"Thomas","twitter_card":"summary_large_image","twitter_misc":{"Written by":"Thomas","Est. reading time":"4 minutes"},"schema":{"@context":"https:\/\/schema.org","@graph":[{"@type":"Article","@id":"https:\/\/malo-apartments.com\/en\/2019\/05\/19\/anreise-mit-dem-auto\/#article","isPartOf":{"@id":"https:\/\/malo-apartments.com\/en\/2019\/05\/19\/anreise-mit-dem-auto\/"},"author":{"name":"Thomas","@id":"https:\/\/malo-apartments.com\/#\/schema\/person\/d20b1e38422d78518be01c36fa69e5e9"},"headline":"Anreise mit dem Auto","datePublished":"2019-05-19T08:57:00+00:00","dateModified":"2020-03-15T09:00:42+00:00","mainEntityOfPage":{"@id":"https:\/\/malo-apartments.com\/en\/2019\/05\/19\/anreise-mit-dem-auto\/"},"wordCount":861,"commentCount":0,"publisher":{"@id":"https:\/\/malo-apartments.com\/#organization"},"image":{"@id":"https:\/\/malo-apartments.com\/en\/2019\/05\/19\/anreise-mit-dem-auto\/#primaryimage"},"thumbnailUrl":"https:\/\/fewo-privlaka.de\/wp-content\/uploads\/2020\/03\/1558284946.jpg","articleSection":["Tipps und Tricks"],"inLanguage":"en-US","potentialAction":[{"@type":"CommentAction","name":"Comment","target":["https:\/\/malo-apartments.com\/en\/2019\/05\/19\/anreise-mit-dem-auto\/#respond"]}]},{"@type":"WebPage","@id":"https:\/\/malo-apartments.com\/en\/2019\/05\/19\/anreise-mit-dem-auto\/","url":"https:\/\/malo-apartments.com\/en\/2019\/05\/19\/anreise-mit-dem-auto\/","name":"Anreise mit dem Auto - MALO Apartments","isPartOf":{"@id":"https:\/\/malo-apartments.com\/#website"},"primaryImageOfPage":{"@id":"https:\/\/malo-apartments.com\/en\/2019\/05\/19\/anreise-mit-dem-auto\/#primaryimage"},"image":{"@id":"https:\/\/malo-apartments.com\/en\/2019\/05\/19\/anreise-mit-dem-auto\/#primaryimage"},"thumbnailUrl":"https:\/\/fewo-privlaka.de\/wp-content\/uploads\/2020\/03\/1558284946.jpg","datePublished":"2019-05-19T08:57:00+00:00","dateModified":"2020-03-15T09:00:42+00:00","breadcrumb":{"@id":"https:\/\/malo-apartments.com\/en\/2019\/05\/19\/anreise-mit-dem-auto\/#breadcrumb"},"inLanguage":"en-US","potentialAction":[{"@type":"ReadAction","target":["https:\/\/malo-apartments.com\/en\/2019\/05\/19\/anreise-mit-dem-auto\/"]}]},{"@type":"ImageObject","inLanguage":"en-US","@id":"https:\/\/malo-apartments.com\/en\/2019\/05\/19\/anreise-mit-dem-auto\/#primaryimage","url":"https:\/\/fewo-privlaka.de\/wp-content\/uploads\/2020\/03\/1558284946.jpg","contentUrl":"https:\/\/fewo-privlaka.de\/wp-content\/uploads\/2020\/03\/1558284946.jpg"},{"@type":"BreadcrumbList","@id":"https:\/\/malo-apartments.com\/en\/2019\/05\/19\/anreise-mit-dem-auto\/#breadcrumb","itemListElement":[{"@type":"ListItem","position":1,"name":"Startseite","item":"https:\/\/malo-apartments.com\/"},{"@type":"ListItem","position":2,"name":"Anreise mit dem Auto"}]},{"@type":"WebSite","@id":"https:\/\/malo-apartments.com\/#website","url":"https:\/\/malo-apartments.com\/","name":"MALO Apartments","description":"Exceptional domiciles in Privlaka and Zadar in the middle of Dalmatia","publisher":{"@id":"https:\/\/malo-apartments.com\/#organization"},"potentialAction":[{"@type":"SearchAction","target":{"@type":"EntryPoint","urlTemplate":"https:\/\/malo-apartments.com\/?s={search_term_string}"},"query-input":{"@type":"PropertyValueSpecification","valueRequired":true,"valueName":"search_term_string"}}],"inLanguage":"en-US"},{"@type":"Organization","@id":"https:\/\/malo-apartments.com\/#organization","name":"MALO d.o.o.","url":"https:\/\/malo-apartments.com\/","logo":{"@type":"ImageObject","inLanguage":"en-US","@id":"https:\/\/malo-apartments.com\/#\/schema\/logo\/image\/","url":"https:\/\/malo-apartments.com\/wp-content\/uploads\/2021\/07\/Malo-logo.png","contentUrl":"https:\/\/malo-apartments.com\/wp-content\/uploads\/2021\/07\/Malo-logo.png","width":501,"height":182,"caption":"MALO d.o.o."},"image":{"@id":"https:\/\/malo-apartments.com\/#\/schema\/logo\/image\/"},"sameAs":["https:\/\/www.facebook.com\/MALOAPARTMENTS","https:\/\/www.instagram.com\/maloapartments\/","https:\/\/www.youtube.com\/channel\/UCpVP2S_aQfyllJTbeLaoyWg"]},{"@type":"Person","@id":"https:\/\/malo-apartments.com\/#\/schema\/person\/d20b1e38422d78518be01c36fa69e5e9","name":"Thomas","image":{"@type":"ImageObject","inLanguage":"en-US","@id":"https:\/\/secure.gravatar.com\/avatar\/0f9272e07138c5cb2f07de10a011ce9d1a1ac7b21efb8dc301ef94f89adf638c?s=96&d=mm&r=g","url":"https:\/\/secure.gravatar.com\/avatar\/0f9272e07138c5cb2f07de10a011ce9d1a1ac7b21efb8dc301ef94f89adf638c?s=96&d=mm&r=g","contentUrl":"https:\/\/secure.gravatar.com\/avatar\/0f9272e07138c5cb2f07de10a011ce9d1a1ac7b21efb8dc301ef94f89adf638c?s=96&d=mm&r=g","caption":"Thomas"},"sameAs":["http:\/\/www.malo-apartments.com"]}]}},"_links":{"self":[{"href":"https:\/\/malo-apartments.com\/en\/wp-json\/wp\/v2\/posts\/498","targetHints":{"allow":["GET"]}}],"collection":[{"href":"https:\/\/malo-apartments.com\/en\/wp-json\/wp\/v2\/posts"}],"about":[{"href":"https:\/\/malo-apartments.com\/en\/wp-json\/wp\/v2\/types\/post"}],"author":[{"embeddable":true,"href":"https:\/\/malo-apartments.com\/en\/wp-json\/wp\/v2\/users\/1"}],"replies":[{"embeddable":true,"href":"https:\/\/malo-apartments.com\/en\/wp-json\/wp\/v2\/comments?post=498"}],"version-history":[{"count":1,"href":"https:\/\/malo-apartments.com\/en\/wp-json\/wp\/v2\/posts\/498\/revisions"}],"predecessor-version":[{"id":500,"href":"https:\/\/malo-apartments.com\/en\/wp-json\/wp\/v2\/posts\/498\/revisions\/500"}],"wp:attachment":[{"href":"https:\/\/malo-apartments.com\/en\/wp-json\/wp\/v2\/media?parent=498"}],"wp:term":[{"taxonomy":"category","embeddable":true,"href":"https:\/\/malo-apartments.com\/en\/wp-json\/wp\/v2\/categories?post=498"},{"taxonomy":"post_tag","embeddable":true,"href":"https:\/\/malo-apartments.com\/en\/wp-json\/wp\/v2\/tags?post=498"}],"curies":[{"name":"wp","href":"https:\/\/api.w.org\/{rel}","templated":true}]}}